{"id":3728,"date":"2026-02-03T14:05:52","date_gmt":"2026-02-03T21:05:52","guid":{"rendered":"https:\/\/viajesaltus.com\/3\/?p=3728"},"modified":"2026-02-03T14:05:52","modified_gmt":"2026-02-03T21:05:52","slug":"ruta-imperial","status":"publish","type":"post","link":"https:\/\/viajesaltus.com\/3\/2026\/02\/03\/ruta-imperial\/","title":{"rendered":"Ruta Imperial"},"content":{"rendered":"<div class=\"fusion-fullwidth fullwidth-box fusion-builder-row-1 fusion-flex-container nonhundred-percent-fullwidth non-hundred-percent-height-scrolling\" style=\"--awb-border-radius-top-left:0px;--awb-border-radius-top-right:0px;--awb-border-radius-bottom-right:0px;--awb-border-radius-bottom-left:0px;--awb-flex-wrap:wrap;\" ><div class=\"fusion-builder-row fusion-row fusion-flex-align-items-flex-start fusion-flex-content-wrap\" style=\"max-width:1414.4px;margin-left: calc(-4% \/ 2 );margin-right: calc(-4% \/ 2 );\"><div class=\"fusion-layout-column fusion_builder_column fusion-builder-column-0 fusion_builder_column_1_1 1_1 fusion-flex-column\" style=\"--awb-bg-size:cover;--awb-width-large:100%;--awb-margin-top-large:0px;--awb-spacing-right-large:1.92%;--awb-margin-bottom-large:0px;--awb-spacing-left-large:1.92%;--awb-width-medium:100%;--awb-spacing-right-medium:1.92%;--awb-spacing-left-medium:1.92%;--awb-width-small:100%;--awb-spacing-right-small:1.92%;--awb-spacing-left-small:1.92%;\"><div class=\"fusion-column-wrapper fusion-flex-justify-content-flex-start fusion-content-layout-column\"><div class=\"fusion-text fusion-text-1\"><h5 class=\"fontOutfit mb-3\">Itinerario<\/h5>\n<div class=\"ItineraryStyleDetail fontOutfit\">\n<p><strong>D\u00eda 01 \u2013 Ciudad de origen \u2013 Berl\u00edn<br \/>\n<\/strong>Presentarse en el aeropuerto de la Ciudad de M\u00e9xico para tomar el vuelo intercontinental con destino a Berl\u00edn. Noche a bordo.<\/p>\n<p><strong>D\u00eda 02 \u2013 Berl\u00edn<\/strong><br \/>\nLlegada al aeropuerto internacional de Berl\u00edn &#8211; Brandeburgo Willy Brandt. Recepci\u00f3n y traslado al hotel. Alojamiento.<\/p>\n<p><strong>D\u00eda 03 \u2013 Berl\u00edn<\/strong><br \/>\nDesayuno. Por la ma\u00f1ana visita panor\u00e1mica, para familiarizarse con los principales monumentos, recorriendo los lugares m\u00e1s importantes de esta ciudad, hasta hace poco dividida, y s\u00edmbolo de la reunificaci\u00f3n: Puerta de Brandeburgo, el Parlamento \u00f3 Reichstag, Potsdamer Platz, Alexanderplatz, avenida Kurfurstendamn y los restos del muro que divid\u00eda la ciudad hasta 1989. Tarde libre . Alojamiento.<\/p>\n<ul>\n<li><strong>EXCURSI\u00d3N OPCIONAL<\/strong><br \/>\nCampo de concentraci\u00f3n de Sachsenhausen<\/li>\n<\/ul>\n<p><strong>D\u00eda 04 \u2013 Berl\u00edn \u2013 Dresden \u2013 Praga<\/strong><br \/>\nDesayuno. Salida hacia la regi\u00f3n de Sajonia para llegar a su antigua capital, Dresden, a orillas del R\u00edo Elba, capital cultural germ\u00e1nica, que fue reconstruida tras los bombardeos de la II Guerra Mundial. Tiempo libre. Continuaci\u00f3n hacia la Rep\u00fablica Checa para llegar a la ciudad de Praga. Visita panor\u00e1mica recorriendo la Plaza Vieja con su Ayuntamiento y el famoso Reloj Astron\u00f3mico que data de 1410, cuyas figuras se mueven cada vez que da la hora, Iglesia del Tyn, Iglesia de San Nicolas, Torre de la P\u00f3lvora, Plaza de Wenceslao, Teatro Estatal. Alojamiento.<\/p>\n<ul>\n<li><strong>EXCURSI\u00d3N OPCIONAL<\/strong><br \/>\nVisita al monumental Casco hist\u00f3rico.<br \/>\n***Nota: Por circunstancias de fuerza mayor, la visita panor\u00e1mica podr\u00eda realizarse el viernes.<\/li>\n<\/ul>\n<p><strong>D\u00eda 05 \u2013 Praga<br \/>\n<\/strong>Desayuno. D\u00eda libre a su disposici\u00f3n para disfrutar de la ciudad. Alojamiento.<\/p>\n<ul>\n<li><strong>EXCURSI\u00d3N OPCIONAL\u00a0<\/strong><br \/>\nColina del Castillo, para visitar el interior de la Catedral de San Vito, la calle dorada, Palacio Imperial, visitaremos la Iglesia de Santa Maria de la Victoria, conocida como la ic\u00f3nica Iglesia del Ni\u00f1o Jes\u00fas de Praga, para finalizar en el Puente de Carlos.<\/li>\n<\/ul>\n<p><strong>D\u00eda 06 \u2013 Praga \u2013 Bratislava \u2013 Budapest<br \/>\n<\/strong>Desayuno. Salida via Brno hacia Bratislava, capital de Eslovaquia. Breve parada para pasear por sus peque\u00f1as calles, descubrir sus famosas escultoras populares, iglesia de San Martin y Puerta de San Miguel. Continuaci\u00f3n del viaje para entrar en Hungr\u00eda y llegar a la capital, Budapest. Tiempo libre. Alojamiento.<\/p>\n<ul>\n<li><strong>EXCURSI\u00d3N OPCIONAL\u00a0<\/strong><br \/>\nBudapest iluminado, desde la colina de San Gerardo y un crucero por el Danubio.<\/li>\n<\/ul>\n<p><strong>D\u00eda 07 \u2013 Budapest\u00a0<\/strong><br \/>\nDesayuno. Visita panor\u00e1mica de esta singular ciudad, fruto de la uni\u00f3n en 1873 de las antiguas Buda y Pest, conocida tambi\u00e9n como la Perla del Danubio, que se divide en dos zonas. Buda, donde se encuentra la colina del Castillo con el Palacio Real, la Iglesia de Mat\u00edas y el Basti\u00f3n de los Pescadores y Pest, zona moderna comercial en la llanura a orillas del r\u00edo Danubio con el Parlamento, Bas\u00edlica de San Esteban, Plaza de los H\u00e9roes. Alojamiento<\/p>\n<ul>\n<li><strong>EXCURSI\u00d3N OPCIONAL<\/strong><br \/>\nCena folcl\u00f3rica h\u00fangara, donde degustar\u00e1 la gastronom\u00eda del pa\u00eds, disfrutando a su vez de los t\u00edpicos bailes folcl\u00f3ricos h\u00fangaros y z\u00edngaros.<\/li>\n<\/ul>\n<p><strong>D\u00eda 08 \u2013 Budapest \u2013 Viena<\/strong><br \/>\nDesayuno. Salida hacia la frontera austriaca para llegar a Viena. (Posibilidad de realizar la visita de Viena a la llegada por la tarde). Alojamiento.<\/p>\n<p><strong>D\u00eda 09 \u2013 Viena\u00a0<\/strong><br \/>\nDesayuno. Por la ma\u00f1ana visita de la antigua capital del imperio Austro-H\u00fangaro paseando por la zona imperial Hofburg, Plaza de los H\u00e9roes, Catedral. Recorrido panor\u00e1mico por la RingStrasse con los monumentos cl\u00e1sicos austriacos como la Opera, el Parlamento y Ayuntamiento hasta llegar al rio Danubio, ONU, etc. Haremos una parada en el Palacio del Belvedere, donde tendr\u00e1n una hermosa vista de sus jardines. Finalizaremos nuestra visita en la zona de la Opera. Tarde libre. Alojamiento.<\/p>\n<ul>\n<li><strong>EXCURSI\u00d3N OPCIONAL<\/strong><br \/>\nConcierto de valses en un palacio vien\u00e9s y escuchar obras de Strauss y Mozart.<\/li>\n<\/ul>\n<p><strong>D\u00eda 10 \u2013 Viena \u2013 Ciudad de origen<br \/>\n<\/strong>Desayuno. A la hora indicada se dar\u00e1 el traslado al aeropuerto para abordar el vuelo con destino a la Ciudad de origen.<\/p>\n<\/div>\n<\/div><div style=\"text-align:center;\"><a class=\"fusion-button button-flat fusion-button-default-size button-custom fusion-button-default button-1 fusion-button-default-span \" style=\"--button_bevel_color_hover:#46d6ad;--button_accent_color:#ffffff;--button_border_color:#ffffff;--button_accent_hover_color:#ffffff;--button_border_hover_color:#ffffff;--button_border_width-top:0px;--button_border_width-right:0px;--button_border_width-bottom:0px;--button_border_width-left:0px;--button-border-radius-top-left:0px;--button-border-radius-top-right:0px;--button-border-radius-bottom-right:0px;--button-border-radius-bottom-left:0px;--button_gradient_top_color:#031a4f;--button_gradient_bottom_color:#031a4f;--button_gradient_top_color_hover:#f35077;--button_gradient_bottom_color_hover:#f35077;--button_text_transform:var(--awb-typography3-text-transform);--button_font_size:24px;--button_line_height:32px;--button_padding-top:16px;--button_padding-right:48px;--button_padding-bottom:16px;--button_padding-left:48px;--button_typography-letter-spacing:0px;--button_typography-font-family:&quot;Barlow Condensed&quot;;--button_typography-font-style:normal;--button_typography-font-weight:500;--button_margin-top:10px;--button_margin-bottom:10px;\" target=\"_self\"><span class=\"fusion-button-text\">MT-14275<\/span><\/a><\/div><\/div><\/div><\/div><\/div>\n","protected":false},"excerpt":{"rendered":"","protected":false},"author":1,"featured_media":3729,"comment_status":"open","ping_status":"open","sticky":false,"template":"","format":"standard","meta":{"footnotes":""},"categories":[26],"tags":[],"class_list":["post-3728","post","type-post","status-publish","format-standard","has-post-thumbnail","hentry","category-europa"],"publishpress_future_action":{"enabled":true,"date":"2026-05-18 14:04:00","action":"delete","newStatus":"draft","terms":[0],"taxonomy":"category"},"_links":{"self":[{"href":"https:\/\/viajesaltus.com\/3\/wp-json\/wp\/v2\/posts\/3728","targetHints":{"allow":["GET"]}}],"collection":[{"href":"https:\/\/viajesaltus.com\/3\/wp-json\/wp\/v2\/posts"}],"about":[{"href":"https:\/\/viajesaltus.com\/3\/wp-json\/wp\/v2\/types\/post"}],"author":[{"embeddable":true,"href":"https:\/\/viajesaltus.com\/3\/wp-json\/wp\/v2\/users\/1"}],"replies":[{"embeddable":true,"href":"https:\/\/viajesaltus.com\/3\/wp-json\/wp\/v2\/comments?post=3728"}],"version-history":[{"count":1,"href":"https:\/\/viajesaltus.com\/3\/wp-json\/wp\/v2\/posts\/3728\/revisions"}],"predecessor-version":[{"id":3731,"href":"https:\/\/viajesaltus.com\/3\/wp-json\/wp\/v2\/posts\/3728\/revisions\/3731"}],"wp:featuredmedia":[{"embeddable":true,"href":"https:\/\/viajesaltus.com\/3\/wp-json\/wp\/v2\/media\/3729"}],"wp:attachment":[{"href":"https:\/\/viajesaltus.com\/3\/wp-json\/wp\/v2\/media?parent=3728"}],"wp:term":[{"taxonomy":"category","embeddable":true,"href":"https:\/\/viajesaltus.com\/3\/wp-json\/wp\/v2\/categories?post=3728"},{"taxonomy":"post_tag","embeddable":true,"href":"https:\/\/viajesaltus.com\/3\/wp-json\/wp\/v2\/tags?post=3728"}],"curies":[{"name":"wp","href":"https:\/\/api.w.org\/{rel}","templated":true}]}}